{"id":3685,"date":"2023-12-18T14:49:30","date_gmt":"2023-12-18T18:49:30","guid":{"rendered":"https:\/\/diliandes.funproeibandes.org\/?p=3685"},"modified":"2023-12-18T14:52:35","modified_gmt":"2023-12-18T18:52:35","slug":"presentacion-plataforma-virtual-diliandes","status":"publish","type":"post","link":"https:\/\/diliandes.funproeibandes.org\/index.php\/2023\/12\/18\/presentacion-plataforma-virtual-diliandes\/","title":{"rendered":"Presentaci\u00f3n plataforma virtual DiliAndes"},"content":{"rendered":"<p>Hace pocos meses, me llamaron de la Fundaci\u00f3n ProeibAndes para solicitar n\u00fameros de la revista P\u00e1gina y Signos \u2014revista de la Carrera de Ling\u00fc\u00edstica Aplicada a la Ense\u00f1anza de Lenguas\u2014, que tuvieran art\u00edculos sobre lenguas ind\u00edgenas. Pens\u00e9 que los subir\u00edan a la p\u00e1gina web de la Fundaci\u00f3n para enriquecer sus recursos, as\u00ed que ver una plataforma desarrollada me ha generado una grata sorpresa y mucha alegr\u00eda, por varias razones.<\/p>\n<p>Para empezar, hoy en d\u00eda es impensable cualquier iniciativa educativa, empresarial o pol\u00edtica, entre otras, sin la mediaci\u00f3n de la tecnolog\u00eda, de Internet y en especial de las redes sociales. Estos nuevos espacios est\u00e1n generando otro tipo de relaciones, m\u00e1s amplias, m\u00e1s din\u00e1micas, m\u00e1s inmediatas. Se dice que lo que no est\u00e1 en las redes sociales, simplemente no existe. Por supuesto que es una exageraci\u00f3n, pero las redes tienen la cualidad de visibilizar aquello que tal vez solo est\u00e1 presente para unos pocos, en espacios limitados. Por ello, los distintos colectivos de activistas, entre ellos los de las lenguas ind\u00edgenas, han decidido apropiarse de estos nuevos espacios para socializar sus causas, para articularse traspasando fronteras y para llegar a sectores m\u00e1s amplios de la poblaci\u00f3n.<\/p>\n<p>Dili Andes es una plataforma que busca todo ello, pero que, adem\u00e1s, a diferencia de otras plataformas pretende constituirse en un repositorio, de construcci\u00f3n colectiva, de las lenguas ind\u00edgenas.<\/p>\n<p>A continuaci\u00f3n, quiero compartir mis reacciones sobre algunos aspectos, que debido a que nos encontramos en el proceso de digitalizaci\u00f3n de la revista P\u00e1gina y Signos, he tenido la posibilidad de conocer y valorar.<\/p>\n<p>En primer lugar, en una p\u00e1gina web, lo primero que nos llama la atenci\u00f3n es su dise\u00f1o visual. No solo debe ser llamativo, sino que en un primer momento debe permitir conectar con la identidad de la instituci\u00f3n, imaginar el prop\u00f3sito, sin leer el contenido, e invitar a la navegaci\u00f3n. Esta p\u00e1gina propicia todo ello. Las im\u00e1genes de fondo han sido elegidas con cuidado, est\u00e1n dotadas de una fuerza expresiva capaz de representar a comunidades, culturas y actitudes que transmiten alegr\u00eda y orgullo. El uso de la galer\u00eda de fotos le da un efecto din\u00e1mico, que permite contener la diversidad.<\/p>\n<p>Este dise\u00f1o, adem\u00e1s, como he comprobado, se adapta adecuadamente a los tel\u00e9fonos m\u00f3viles. Este es una caracter\u00edstica importante pues, seg\u00fan estad\u00edsticas que se manejan, entre el 60 y 70 % de usuarios acceden a los recursos digitales por esta v\u00eda, y no por una computadora u otro dispositivo m\u00e1s c\u00f3modo.<\/p>\n<p>En segundo lugar, en cuanto a la Organizaci\u00f3n de la informaci\u00f3n, esta es sencilla, con pesta\u00f1as claramente diferenciadas que permiten una navegaci\u00f3n r\u00e1pida y relativamente intuitiva. Digo relativamente, porque las caracter\u00edsticas de los recursos han obligado a una serie de filtros, que siempre son molestos, aunque muy \u00fatiles para mejorar la b\u00fasqueda. Sin embargo, en algunos casos probablemente no sean utilizados y eso retrase el acceso a la informaci\u00f3n requerida.<\/p>\n<p>En tercer lugar, a diferencia de otras plataformas, posee recursos variados que van desde g\u00e9neros textuales acad\u00e9micos e informativos, pasando por los multimodales, hasta los nuevos g\u00e9neros emergentes en los contextos digitales. Esta diversidad permite reunir a hablantes, activistas, acad\u00e9micos, curiosos, en fin, a todo el conjunto de personas que comparten la causa de la continuidad y revitalizaci\u00f3n de las lenguas ind\u00edgenas.<\/p>\n<p>En cuarto lugar, presenta claramente no solo la informaci\u00f3n de contacto, sino de vinculaci\u00f3n con otras p\u00e1ginas, distintas redes sociales, adem\u00e1s de llamar en cada momento a la colaboraci\u00f3n para crear una comunidad que propiciar\u00e1 di\u00e1logos interculturales, y que esperemos que crezca r\u00e1pidamente.<\/p>\n<p>Para finalizar, hay mucha expectativa en encontrar en estos nuevos espacios lo que no se ha logrado fuera de ellos. El tiempo lo dir\u00e1. Mientras, a cada uno nos toca aportar a fortalecer los derechos pol\u00edticos y ling\u00fc\u00edsticos de los hablantes, entre los principales a expresarse en sus lenguas en los distintos \u00e1mbitos de la vida social y a acceder a informaci\u00f3n y conocimientos sobre sus lenguas y sus culturas en sus propias lenguas. Esta plataforma claramente aporta a este objetivo, por lo que invito a participar para construir en comunidad la continuidad de las lenguas.<\/p>\n<p>&nbsp;<\/p>\n<p><strong>PATRICIA ALANDIA,\u00a0DICIEMBRE\u00a0 2023<\/strong><\/p>\n","protected":false},"excerpt":{"rendered":"<p>Hace pocos meses, me llamaron de la Fundaci\u00f3n ProeibAndes para solicitar n\u00fameros de la revista P\u00e1gina y Signos \u2014revista de la Carrera de Ling\u00fc\u00edstica Aplicada a la Ense\u00f1anza de Lenguas\u2014, que tuvieran art\u00edculos sobre lenguas ind\u00edgenas. Pens\u00e9 que los subir\u00edan a la p\u00e1gina web de la Fundaci\u00f3n para enriquecer sus recursos, as\u00ed que ver una [&hellip;]<\/p>\n","protected":false},"author":3,"featured_media":935,"comment_status":"open","ping_status":"open","sticky":false,"template":"","format":"standard","meta":{"footnotes":""},"categories":[1],"tags":[],"class_list":["post-3685","post","type-post","status-publish","format-standard","has-post-thumbnail","hentry","category-sin-categoria"],"_links":{"self":[{"href":"https:\/\/diliandes.funproeibandes.org\/index.php\/wp-json\/wp\/v2\/posts\/3685","targetHints":{"allow":["GET"]}}],"collection":[{"href":"https:\/\/diliandes.funproeibandes.org\/index.php\/wp-json\/wp\/v2\/posts"}],"about":[{"href":"https:\/\/diliandes.funproeibandes.org\/index.php\/wp-json\/wp\/v2\/types\/post"}],"author":[{"embeddable":true,"href":"https:\/\/diliandes.funproeibandes.org\/index.php\/wp-json\/wp\/v2\/users\/3"}],"replies":[{"embeddable":true,"href":"https:\/\/diliandes.funproeibandes.org\/index.php\/wp-json\/wp\/v2\/comments?post=3685"}],"version-history":[{"count":1,"href":"https:\/\/diliandes.funproeibandes.org\/index.php\/wp-json\/wp\/v2\/posts\/3685\/revisions"}],"predecessor-version":[{"id":3687,"href":"https:\/\/diliandes.funproeibandes.org\/index.php\/wp-json\/wp\/v2\/posts\/3685\/revisions\/3687"}],"wp:featuredmedia":[{"embeddable":true,"href":"https:\/\/diliandes.funproeibandes.org\/index.php\/wp-json\/wp\/v2\/media\/935"}],"wp:attachment":[{"href":"https:\/\/diliandes.funproeibandes.org\/index.php\/wp-json\/wp\/v2\/media?parent=3685"}],"wp:term":[{"taxonomy":"category","embeddable":true,"href":"https:\/\/diliandes.funproeibandes.org\/index.php\/wp-json\/wp\/v2\/categories?post=3685"},{"taxonomy":"post_tag","embeddable":true,"href":"https:\/\/diliandes.funproeibandes.org\/index.php\/wp-json\/wp\/v2\/tags?post=3685"}],"curies":[{"name":"wp","href":"https:\/\/api.w.org\/{rel}","templated":true}]}}